{"id":4156,"date":"2026-08-24T18:27:10","date_gmt":"2026-08-24T21:27:10","guid":{"rendered":"https:\/\/www.cortinaslumos.cl\/vistetucasa\/catalogo-digital-lumos-2026\/"},"modified":"2026-09-04T16:15:14","modified_gmt":"2026-09-04T19:15:14","slug":"catalogo-digital-lumos-2026","status":"publish","type":"post","link":"https:\/\/www.cortinaslumos.cl\/vistetucasa\/catalogo-digital-lumos-2026\/","title":{"rendered":"Cat\u00e1logo Digital Lumos 2026"},"content":{"rendered":"<p>Descarga los cat\u00e1logos Lumos 2026: toda nuestra l\u00ednea de cortinas, persianas, toldos y soluciones de control solar a la medida, con medidas m\u00e1ximas, plazos de entrega y garant\u00eda.<\/p>\n<div style=\"display:flex;flex-wrap:wrap;gap:24px;justify-content:center;margin:24px 0;\">\n<div style=\"flex:1;min-width:280px;max-width:400px;background:#FAF7F2;padding:0 0 24px;text-align:center;\">\n  <a href=\"https:\/\/www.cortinaslumos.cl\/vistetucasa\/wp-content\/uploads\/2026\/09\/Catalogo_Digital_Productos_Lumos_2026-09.pdf\" target=\"_blank\" rel=\"noopener\"><img decoding=\"async\" src=\"https:\/\/www.cortinaslumos.cl\/vistetucasa\/wp-content\/uploads\/2026\/08\/portada_catalogo_productos_lumos_2026.jpg\" alt=\"Cat\u00e1logo de Productos 2026\" style=\"width:100%;height:auto;display:block;margin:0 0 18px;\"><\/a><\/p>\n<h3 style=\"margin:0 0 6px;font-size:20px;\">Cat\u00e1logo de Productos 2026<\/h3>\n<p style=\"margin:0 16px 16px;color:#7D6A55;font-size:14px;\">Cortinas roller, duo, ecolux, verticales, persianas, toldos, cierre zipper y p\u00e9rgolas.<\/p>\n<p>  <a href=\"https:\/\/www.cortinaslumos.cl\/vistetucasa\/wp-content\/uploads\/2026\/09\/Catalogo_Digital_Productos_Lumos_2026-09.pdf\" target=\"_blank\" rel=\"noopener\" style=\"display:inline-block;background:#A9754F;color:#fff;padding:12px 26px;text-decoration:none;font-weight:600;letter-spacing:.04em;\">VER CAT\u00c1LOGO DIGITAL<\/a>\n<\/div>\n<div style=\"flex:1;min-width:280px;max-width:400px;background:#FAF7F2;padding:0 0 24px;text-align:center;\">\n  <a href=\"https:\/\/www.cortinaslumos.cl\/vistetucasa\/wp-content\/uploads\/2026\/08\/Catalogo_Digital_Persianas_Lumos_2026.pdf\" target=\"_blank\" rel=\"noopener\"><img decoding=\"async\" src=\"https:\/\/www.cortinaslumos.cl\/vistetucasa\/wp-content\/uploads\/2026\/08\/portada_catalogo_persianas_lumos_2026.jpg\" alt=\"Cat\u00e1logo de Persianas de Madera 2026\" style=\"width:100%;height:auto;display:block;margin:0 0 18px;\"><\/a><\/p>\n<h3 style=\"margin:0 0 6px;font-size:20px;\">Cat\u00e1logo de Persianas de Madera 2026<\/h3>\n<p style=\"margin:0 16px 16px;color:#7D6A55;font-size:14px;\">Colecciones Natural y Classic, con cintas decorativas de 25 y 38 mm.<\/p>\n<p>  <a href=\"https:\/\/www.cortinaslumos.cl\/vistetucasa\/wp-content\/uploads\/2026\/08\/Catalogo_Digital_Persianas_Lumos_2026.pdf\" target=\"_blank\" rel=\"noopener\" style=\"display:inline-block;background:#A9754F;color:#fff;padding:12px 26px;text-decoration:none;font-weight:600;letter-spacing:.04em;\">VER CAT\u00c1LOGO DIGITAL<\/a>\n<\/div>\n<\/div>\n<p style=\"text-align:center;\">\u00bfQuieres cotizar? Hazlo sin costo en <a href=\"https:\/\/www.cortinaslumos.cl\/cotiza\">cortinaslumos.cl\/cotiza<\/a> o escr\u00edbenos por Instagram <a href=\"https:\/\/instagram.com\/cortinaslumos\">@cortinaslumos<\/a>.<\/p>\n","protected":false},"excerpt":{"rendered":"<p>Descarga los cat\u00e1logos Lumos 2026: toda nuestra l\u00ednea de cortinas, persianas, toldos y soluciones de control solar a la medida, con medidas m\u00e1ximas, plazos de entrega y garant\u00eda. Cat\u00e1logo de Productos 2026 Cortinas roller, duo, ecolux, verticales, persianas, toldos, cierre zipper y p\u00e9rgolas. VER CAT\u00c1LOGO&#8230;<\/p>\n","protected":false},"author":1,"featured_media":4155,"comment_status":"open","ping_status":"open","sticky":false,"template":"","format":"standard","meta":{"footnotes":""},"categories":[67],"tags":[],"class_list":["post-4156","post","type-post","status-publish","format-standard","has-post-thumbnail","hentry","category-productos"],"yoast_head":"<!-- This site is optimized with the Yoast SEO plugin v28.2 - https:\/\/yoast.com\/product\/yoast-seo-wordpress\/ -->\n<title>Cat\u00e1logo Digital Lumos 2026 - Viste tu Casa<\/title>\n<meta name=\"description\" content=\"Descarga los cat\u00e1logos Lumos 2026: toda nuestra l\u00ednea de cortinas, persianas, toldos y soluciones de control solar a la medida, con medidas m\u00e1ximas, plazos\u2026\" \/>\n<meta name=\"robots\" content=\"index, follow, max-snippet:-1, max-image-preview:large, max-video-preview:-1\" \/>\n<link rel=\"canonical\" href=\"https:\/\/www.cortinaslumos.cl\/vistetucasa\/catalogo-digital-lumos-2026\/\" \/>\n<meta property=\"og:locale\" content=\"es_ES\" \/>\n<meta property=\"og:type\" content=\"article\" \/>\n<meta property=\"og:title\" content=\"Cat\u00e1logo Digital Lumos 2026 - Viste tu Casa\" \/>\n<meta property=\"og:description\" content=\"Descarga los cat\u00e1logos Lumos 2026: toda nuestra l\u00ednea de cortinas, persianas, toldos y soluciones de control solar a la medida, con medidas m\u00e1ximas, plazos\u2026\" \/>\n<meta property=\"og:url\" content=\"https:\/\/www.cortinaslumos.cl\/vistetucasa\/catalogo-digital-lumos-2026\/\" \/>\n<meta property=\"og:site_name\" content=\"Viste tu Casa\" \/>\n<meta property=\"article:published_time\" content=\"2026-08-24T21:27:10+00:00\" \/>\n<meta property=\"article:modified_time\" content=\"2026-09-04T19:15:14+00:00\" \/>\n<meta property=\"og:image\" content=\"https:\/\/www.cortinaslumos.cl\/vistetucasa\/wp-content\/uploads\/2026\/08\/banner_catalogo_digital_lumos_2026.jpg\" \/>\n\t<meta property=\"og:image:width\" content=\"1200\" \/>\n\t<meta property=\"og:image:height\" content=\"630\" \/>\n\t<meta property=\"og:image:type\" content=\"image\/jpeg\" \/>\n<meta name=\"author\" content=\"userlumos-blog\" \/>\n<meta name=\"twitter:card\" content=\"summary_large_image\" \/>\n<meta name=\"twitter:label1\" content=\"Escrito por\" \/>\n\t<meta name=\"twitter:data1\" content=\"userlumos-blog\" \/>\n<script type=\"application\/ld+json\" class=\"yoast-schema-graph\">{\"@context\":\"https:\\\/\\\/schema.org\",\"@graph\":[{\"@type\":\"Article\",\"@id\":\"https:\\\/\\\/www.cortinaslumos.cl\\\/vistetucasa\\\/catalogo-digital-lumos-2026\\\/#article\",\"isPartOf\":{\"@id\":\"https:\\\/\\\/www.cortinaslumos.cl\\\/vistetucasa\\\/catalogo-digital-lumos-2026\\\/\"},\"author\":{\"name\":\"userlumos-blog\",\"@id\":\"https:\\\/\\\/www.cortinaslumos.cl\\\/vistetucasa\\\/#\\\/schema\\\/person\\\/8fe3941fc1c718601920f2031654745b\"},\"headline\":\"Cat\u00e1logo Digital Lumos 2026\",\"datePublished\":\"2026-08-24T21:27:10+00:00\",\"dateModified\":\"2026-09-04T19:15:14+00:00\",\"mainEntityOfPage\":{\"@id\":\"https:\\\/\\\/www.cortinaslumos.cl\\\/vistetucasa\\\/catalogo-digital-lumos-2026\\\/\"},\"wordCount\":90,\"commentCount\":0,\"image\":{\"@id\":\"https:\\\/\\\/www.cortinaslumos.cl\\\/vistetucasa\\\/catalogo-digital-lumos-2026\\\/#primaryimage\"},\"thumbnailUrl\":\"https:\\\/\\\/www.cortinaslumos.cl\\\/vistetucasa\\\/wp-content\\\/uploads\\\/2026\\\/08\\\/banner_catalogo_digital_lumos_2026.jpg\",\"articleSection\":[\"Productos\"],\"inLanguage\":\"es-CL\",\"potentialAction\":[{\"@type\":\"CommentAction\",\"name\":\"Comment\",\"target\":[\"https:\\\/\\\/www.cortinaslumos.cl\\\/vistetucasa\\\/catalogo-digital-lumos-2026\\\/#respond\"]}]},{\"@type\":\"WebPage\",\"@id\":\"https:\\\/\\\/www.cortinaslumos.cl\\\/vistetucasa\\\/catalogo-digital-lumos-2026\\\/\",\"url\":\"https:\\\/\\\/www.cortinaslumos.cl\\\/vistetucasa\\\/catalogo-digital-lumos-2026\\\/\",\"name\":\"Cat\u00e1logo Digital Lumos 2026 - Viste tu Casa\",\"isPartOf\":{\"@id\":\"https:\\\/\\\/www.cortinaslumos.cl\\\/vistetucasa\\\/#website\"},\"primaryImageOfPage\":{\"@id\":\"https:\\\/\\\/www.cortinaslumos.cl\\\/vistetucasa\\\/catalogo-digital-lumos-2026\\\/#primaryimage\"},\"image\":{\"@id\":\"https:\\\/\\\/www.cortinaslumos.cl\\\/vistetucasa\\\/catalogo-digital-lumos-2026\\\/#primaryimage\"},\"thumbnailUrl\":\"https:\\\/\\\/www.cortinaslumos.cl\\\/vistetucasa\\\/wp-content\\\/uploads\\\/2026\\\/08\\\/banner_catalogo_digital_lumos_2026.jpg\",\"datePublished\":\"2026-08-24T21:27:10+00:00\",\"dateModified\":\"2026-09-04T19:15:14+00:00\",\"author\":{\"@id\":\"https:\\\/\\\/www.cortinaslumos.cl\\\/vistetucasa\\\/#\\\/schema\\\/person\\\/8fe3941fc1c718601920f2031654745b\"},\"description\":\"Descarga los cat\u00e1logos Lumos 2026: toda nuestra l\u00ednea de cortinas, persianas, toldos y soluciones de control solar a la medida, con medidas m\u00e1ximas, plazos\u2026\",\"breadcrumb\":{\"@id\":\"https:\\\/\\\/www.cortinaslumos.cl\\\/vistetucasa\\\/catalogo-digital-lumos-2026\\\/#breadcrumb\"},\"inLanguage\":\"es-CL\",\"potentialAction\":[{\"@type\":\"ReadAction\",\"target\":[\"https:\\\/\\\/www.cortinaslumos.cl\\\/vistetucasa\\\/catalogo-digital-lumos-2026\\\/\"]}]},{\"@type\":\"ImageObject\",\"inLanguage\":\"es-CL\",\"@id\":\"https:\\\/\\\/www.cortinaslumos.cl\\\/vistetucasa\\\/catalogo-digital-lumos-2026\\\/#primaryimage\",\"url\":\"https:\\\/\\\/www.cortinaslumos.cl\\\/vistetucasa\\\/wp-content\\\/uploads\\\/2026\\\/08\\\/banner_catalogo_digital_lumos_2026.jpg\",\"contentUrl\":\"https:\\\/\\\/www.cortinaslumos.cl\\\/vistetucasa\\\/wp-content\\\/uploads\\\/2026\\\/08\\\/banner_catalogo_digital_lumos_2026.jpg\",\"width\":1200,\"height\":630},{\"@type\":\"BreadcrumbList\",\"@id\":\"https:\\\/\\\/www.cortinaslumos.cl\\\/vistetucasa\\\/catalogo-digital-lumos-2026\\\/#breadcrumb\",\"itemListElement\":[{\"@type\":\"ListItem\",\"position\":1,\"name\":\"Portada\",\"item\":\"https:\\\/\\\/www.cortinaslumos.cl\\\/vistetucasa\\\/\"},{\"@type\":\"ListItem\",\"position\":2,\"name\":\"Cat\u00e1logo Digital Lumos 2026\"}]},{\"@type\":\"WebSite\",\"@id\":\"https:\\\/\\\/www.cortinaslumos.cl\\\/vistetucasa\\\/#website\",\"url\":\"https:\\\/\\\/www.cortinaslumos.cl\\\/vistetucasa\\\/\",\"name\":\"Viste tu Casa\",\"description\":\"By Lumos\",\"potentialAction\":[{\"@type\":\"SearchAction\",\"target\":{\"@type\":\"EntryPoint\",\"urlTemplate\":\"https:\\\/\\\/www.cortinaslumos.cl\\\/vistetucasa\\\/?s={search_term_string}\"},\"query-input\":{\"@type\":\"PropertyValueSpecification\",\"valueRequired\":true,\"valueName\":\"search_term_string\"}}],\"inLanguage\":\"es-CL\"},{\"@type\":\"Person\",\"@id\":\"https:\\\/\\\/www.cortinaslumos.cl\\\/vistetucasa\\\/#\\\/schema\\\/person\\\/8fe3941fc1c718601920f2031654745b\",\"name\":\"userlumos-blog\",\"image\":{\"@type\":\"ImageObject\",\"inLanguage\":\"es-CL\",\"@id\":\"https:\\\/\\\/secure.gravatar.com\\\/avatar\\\/6b14ec551e79b65361bf983ae0d30e7207b73a0986da3a84036b390083492734?s=96&d=mm&r=g\",\"url\":\"https:\\\/\\\/secure.gravatar.com\\\/avatar\\\/6b14ec551e79b65361bf983ae0d30e7207b73a0986da3a84036b390083492734?s=96&d=mm&r=g\",\"contentUrl\":\"https:\\\/\\\/secure.gravatar.com\\\/avatar\\\/6b14ec551e79b65361bf983ae0d30e7207b73a0986da3a84036b390083492734?s=96&d=mm&r=g\",\"caption\":\"userlumos-blog\"},\"url\":\"https:\\\/\\\/www.cortinaslumos.cl\\\/vistetucasa\\\/author\\\/userlumos-blog\\\/\"}]}<\/script>\n<!-- \/ Yoast SEO plugin. -->","yoast_head_json":{"title":"Cat\u00e1logo Digital Lumos 2026 - Viste tu Casa","description":"Descarga los cat\u00e1logos Lumos 2026: toda nuestra l\u00ednea de cortinas, persianas, toldos y soluciones de control solar a la medida, con medidas m\u00e1ximas, plazos\u2026","robots":{"index":"index","follow":"follow","max-snippet":"max-snippet:-1","max-image-preview":"max-image-preview:large","max-video-preview":"max-video-preview:-1"},"canonical":"https:\/\/www.cortinaslumos.cl\/vistetucasa\/catalogo-digital-lumos-2026\/","og_locale":"es_ES","og_type":"article","og_title":"Cat\u00e1logo Digital Lumos 2026 - Viste tu Casa","og_description":"Descarga los cat\u00e1logos Lumos 2026: toda nuestra l\u00ednea de cortinas, persianas, toldos y soluciones de control solar a la medida, con medidas m\u00e1ximas, plazos\u2026","og_url":"https:\/\/www.cortinaslumos.cl\/vistetucasa\/catalogo-digital-lumos-2026\/","og_site_name":"Viste tu Casa","article_published_time":"2026-08-24T21:27:10+00:00","article_modified_time":"2026-09-04T19:15:14+00:00","og_image":[{"width":1200,"height":630,"url":"https:\/\/www.cortinaslumos.cl\/vistetucasa\/wp-content\/uploads\/2026\/08\/banner_catalogo_digital_lumos_2026.jpg","type":"image\/jpeg"}],"author":"userlumos-blog","twitter_card":"summary_large_image","twitter_misc":{"Escrito por":"userlumos-blog"},"schema":{"@context":"https:\/\/schema.org","@graph":[{"@type":"Article","@id":"https:\/\/www.cortinaslumos.cl\/vistetucasa\/catalogo-digital-lumos-2026\/#article","isPartOf":{"@id":"https:\/\/www.cortinaslumos.cl\/vistetucasa\/catalogo-digital-lumos-2026\/"},"author":{"name":"userlumos-blog","@id":"https:\/\/www.cortinaslumos.cl\/vistetucasa\/#\/schema\/person\/8fe3941fc1c718601920f2031654745b"},"headline":"Cat\u00e1logo Digital Lumos 2026","datePublished":"2026-08-24T21:27:10+00:00","dateModified":"2026-09-04T19:15:14+00:00","mainEntityOfPage":{"@id":"https:\/\/www.cortinaslumos.cl\/vistetucasa\/catalogo-digital-lumos-2026\/"},"wordCount":90,"commentCount":0,"image":{"@id":"https:\/\/www.cortinaslumos.cl\/vistetucasa\/catalogo-digital-lumos-2026\/#primaryimage"},"thumbnailUrl":"https:\/\/www.cortinaslumos.cl\/vistetucasa\/wp-content\/uploads\/2026\/08\/banner_catalogo_digital_lumos_2026.jpg","articleSection":["Productos"],"inLanguage":"es-CL","potentialAction":[{"@type":"CommentAction","name":"Comment","target":["https:\/\/www.cortinaslumos.cl\/vistetucasa\/catalogo-digital-lumos-2026\/#respond"]}]},{"@type":"WebPage","@id":"https:\/\/www.cortinaslumos.cl\/vistetucasa\/catalogo-digital-lumos-2026\/","url":"https:\/\/www.cortinaslumos.cl\/vistetucasa\/catalogo-digital-lumos-2026\/","name":"Cat\u00e1logo Digital Lumos 2026 - Viste tu Casa","isPartOf":{"@id":"https:\/\/www.cortinaslumos.cl\/vistetucasa\/#website"},"primaryImageOfPage":{"@id":"https:\/\/www.cortinaslumos.cl\/vistetucasa\/catalogo-digital-lumos-2026\/#primaryimage"},"image":{"@id":"https:\/\/www.cortinaslumos.cl\/vistetucasa\/catalogo-digital-lumos-2026\/#primaryimage"},"thumbnailUrl":"https:\/\/www.cortinaslumos.cl\/vistetucasa\/wp-content\/uploads\/2026\/08\/banner_catalogo_digital_lumos_2026.jpg","datePublished":"2026-08-24T21:27:10+00:00","dateModified":"2026-09-04T19:15:14+00:00","author":{"@id":"https:\/\/www.cortinaslumos.cl\/vistetucasa\/#\/schema\/person\/8fe3941fc1c718601920f2031654745b"},"description":"Descarga los cat\u00e1logos Lumos 2026: toda nuestra l\u00ednea de cortinas, persianas, toldos y soluciones de control solar a la medida, con medidas m\u00e1ximas, plazos\u2026","breadcrumb":{"@id":"https:\/\/www.cortinaslumos.cl\/vistetucasa\/catalogo-digital-lumos-2026\/#breadcrumb"},"inLanguage":"es-CL","potentialAction":[{"@type":"ReadAction","target":["https:\/\/www.cortinaslumos.cl\/vistetucasa\/catalogo-digital-lumos-2026\/"]}]},{"@type":"ImageObject","inLanguage":"es-CL","@id":"https:\/\/www.cortinaslumos.cl\/vistetucasa\/catalogo-digital-lumos-2026\/#primaryimage","url":"https:\/\/www.cortinaslumos.cl\/vistetucasa\/wp-content\/uploads\/2026\/08\/banner_catalogo_digital_lumos_2026.jpg","contentUrl":"https:\/\/www.cortinaslumos.cl\/vistetucasa\/wp-content\/uploads\/2026\/08\/banner_catalogo_digital_lumos_2026.jpg","width":1200,"height":630},{"@type":"BreadcrumbList","@id":"https:\/\/www.cortinaslumos.cl\/vistetucasa\/catalogo-digital-lumos-2026\/#breadcrumb","itemListElement":[{"@type":"ListItem","position":1,"name":"Portada","item":"https:\/\/www.cortinaslumos.cl\/vistetucasa\/"},{"@type":"ListItem","position":2,"name":"Cat\u00e1logo Digital Lumos 2026"}]},{"@type":"WebSite","@id":"https:\/\/www.cortinaslumos.cl\/vistetucasa\/#website","url":"https:\/\/www.cortinaslumos.cl\/vistetucasa\/","name":"Viste tu Casa","description":"By Lumos","potentialAction":[{"@type":"SearchAction","target":{"@type":"EntryPoint","urlTemplate":"https:\/\/www.cortinaslumos.cl\/vistetucasa\/?s={search_term_string}"},"query-input":{"@type":"PropertyValueSpecification","valueRequired":true,"valueName":"search_term_string"}}],"inLanguage":"es-CL"},{"@type":"Person","@id":"https:\/\/www.cortinaslumos.cl\/vistetucasa\/#\/schema\/person\/8fe3941fc1c718601920f2031654745b","name":"userlumos-blog","image":{"@type":"ImageObject","inLanguage":"es-CL","@id":"https:\/\/secure.gravatar.com\/avatar\/6b14ec551e79b65361bf983ae0d30e7207b73a0986da3a84036b390083492734?s=96&d=mm&r=g","url":"https:\/\/secure.gravatar.com\/avatar\/6b14ec551e79b65361bf983ae0d30e7207b73a0986da3a84036b390083492734?s=96&d=mm&r=g","contentUrl":"https:\/\/secure.gravatar.com\/avatar\/6b14ec551e79b65361bf983ae0d30e7207b73a0986da3a84036b390083492734?s=96&d=mm&r=g","caption":"userlumos-blog"},"url":"https:\/\/www.cortinaslumos.cl\/vistetucasa\/author\/userlumos-blog\/"}]}},"_links":{"self":[{"href":"https:\/\/www.cortinaslumos.cl\/vistetucasa\/wp-json\/wp\/v2\/posts\/4156","targetHints":{"allow":["GET"]}}],"collection":[{"href":"https:\/\/www.cortinaslumos.cl\/vistetucasa\/wp-json\/wp\/v2\/posts"}],"about":[{"href":"https:\/\/www.cortinaslumos.cl\/vistetucasa\/wp-json\/wp\/v2\/types\/post"}],"author":[{"embeddable":true,"href":"https:\/\/www.cortinaslumos.cl\/vistetucasa\/wp-json\/wp\/v2\/users\/1"}],"replies":[{"embeddable":true,"href":"https:\/\/www.cortinaslumos.cl\/vistetucasa\/wp-json\/wp\/v2\/comments?post=4156"}],"version-history":[{"count":1,"href":"https:\/\/www.cortinaslumos.cl\/vistetucasa\/wp-json\/wp\/v2\/posts\/4156\/revisions"}],"predecessor-version":[{"id":4160,"href":"https:\/\/www.cortinaslumos.cl\/vistetucasa\/wp-json\/wp\/v2\/posts\/4156\/revisions\/4160"}],"wp:featuredmedia":[{"embeddable":true,"href":"https:\/\/www.cortinaslumos.cl\/vistetucasa\/wp-json\/wp\/v2\/media\/4155"}],"wp:attachment":[{"href":"https:\/\/www.cortinaslumos.cl\/vistetucasa\/wp-json\/wp\/v2\/media?parent=4156"}],"wp:term":[{"taxonomy":"category","embeddable":true,"href":"https:\/\/www.cortinaslumos.cl\/vistetucasa\/wp-json\/wp\/v2\/categories?post=4156"},{"taxonomy":"post_tag","embeddable":true,"href":"https:\/\/www.cortinaslumos.cl\/vistetucasa\/wp-json\/wp\/v2\/tags?post=4156"}],"curies":[{"name":"wp","href":"https:\/\/api.w.org\/{rel}","templated":true}]}}