{"id":4158,"date":"2026-09-01T15:04:30","date_gmt":"2026-09-01T18:04:30","guid":{"rendered":"https:\/\/www.cortinaslumos.cl\/vistetucasa\/color-cortinas-define-espacio-guia-combinaciones\/"},"modified":"2026-09-01T15:04:30","modified_gmt":"2026-09-01T18:04:30","slug":"color-cortinas-define-espacio-guia-combinaciones","status":"publish","type":"post","link":"https:\/\/www.cortinaslumos.cl\/vistetucasa\/color-cortinas-define-espacio-guia-combinaciones\/","title":{"rendered":"El Color de tus Cortinas Define el Espacio \u2014 Gu\u00eda de Combinaciones"},"content":{"rendered":"\n<p class=\"wp-block-paragraph\">Uno entra a una casa y algo le pasa. A veces el living se siente amplio, luminoso, tranquilo. Y a veces \u2014con los mismos metros cuadrados, los mismos muebles\u2014 se siente apretado, oscuro, como si faltara aire. Casi siempre la diferencia est\u00e1 en un detalle que nadie mira de frente: el color de las cortinas.<\/p>\n\n\n\n<p class=\"wp-block-paragraph\">Es la superficie textil m\u00e1s grande de un ambiente. M\u00e1s que el sill\u00f3n, m\u00e1s que la alfombra. Cubre la ventana completa, que es justamente por donde entra la luz que va a te\u00f1ir todo lo dem\u00e1s. Elegir ese color al final del proceso, cuando ya est\u00e1n las paredes pintadas y los muebles instalados, es como escoger los zapatos primero y despu\u00e9s el traje.<\/p>\n\n\n\n<p class=\"wp-block-paragraph\">En Lumos llevamos a\u00f1os tomando medidas en casas y departamentos de Santiago y regiones, y hay algo que se repite: la gente sabe qu\u00e9 color <strong>le gusta<\/strong>, pero no siempre sabe qu\u00e9 color <strong>necesita ese espacio<\/strong>. Son dos preguntas distintas. Ac\u00e1 va una gu\u00eda para responder la segunda sin renunciar a la primera.<\/p>\n\n\n\n<h2 class=\"wp-block-heading\">La regla 60-30-10: el atajo que s\u00ed funciona<\/h2>\n\n\n\n<p class=\"wp-block-paragraph\">Es la regla m\u00e1s antigua del interiorismo y sigue vigente porque es simple de aplicar. La idea: todo ambiente equilibrado reparte sus colores en tres proporciones.<\/p>\n\n\n\n<ul class=\"wp-block-list\">\n<li><strong>60% color dominante:<\/strong> paredes, piso, los vol\u00famenes grandes. Casi siempre un neutro.<\/li>\n<li><strong>30% color secundario:<\/strong> sillones, alfombra, muebles principales y \u2014ac\u00e1 est\u00e1 la clave\u2014 <strong>las cortinas<\/strong>.<\/li>\n<li><strong>10% color de acento:<\/strong> cojines, cuadros, un florero, una l\u00e1mpara. Lo que se cambia sin drama.<\/li>\n<\/ul>\n\n\n\n<p class=\"wp-block-paragraph\">Las cortinas viven en el 30%. Eso significa que no deben desaparecer contra la pared, pero tampoco gritar. Deben dialogar con el sill\u00f3n y la alfombra, no competir con ellos.<\/p>\n\n\n\n<p class=\"wp-block-paragraph\">El error cl\u00e1sico es meter las cortinas en el 10%: elegir un roller mostaza porque quedaba lindo en la muestra. Funciona en un coj\u00edn de 45&#215;45. En una ventana de 2,40 de ancho, ese mismo mostaza se come el living entero.<\/p>\n\n\n\n<h2 class=\"wp-block-heading\">Neutros: aburridos en la muestra, impecables en la ventana<\/h2>\n\n\n\n<p class=\"wp-block-paragraph\">La mayor\u00eda de lo que despachamos son tonos neutros \u2014lino, arena, gris perla, blanco roto, grafito\u2014 y no es falta de imaginaci\u00f3n de nuestros clientes. Es que funcionan.<\/p>\n\n\n\n<p class=\"wp-block-paragraph\">Un neutro bien elegido hace tres cosas al mismo tiempo: estira visualmente el espacio, deja que la luz natural se difunda sin te\u00f1irse, y sobrevive a los cambios de decoraci\u00f3n. El sill\u00f3n que compraste este a\u00f1o probablemente no sea el mismo en cinco a\u00f1os m\u00e1s; las cortinas a medida s\u00ed van a seguir ah\u00ed.<\/p>\n\n\n\n<p class=\"wp-block-paragraph\">Ahora, &#8220;neutro&#8221; no es sin\u00f3nimo de blanco. Ah\u00ed hay una distinci\u00f3n importante:<\/p>\n\n\n\n<ul class=\"wp-block-list\">\n<li><strong>Neutros c\u00e1lidos<\/strong> (arena, beige, lino natural, greige): suman temperatura, hacen el espacio m\u00e1s acogedor. Ideales si el ambiente ya se siente fr\u00edo.<\/li>\n<li><strong>Neutros fr\u00edos<\/strong> (gris perla, blanco puro, grafito): m\u00e1s limpios, m\u00e1s arquitect\u00f3nicos. Van bien con concreto a la vista, cocinas integradas, estilos minimalistas.<\/li>\n<\/ul>\n\n\n\n<p class=\"wp-block-paragraph\">Mezclar los dos en un mismo ambiente es lo que produce esa sensaci\u00f3n rara de &#8220;algo no calza&#8221;. Un roller gris fr\u00edo contra paredes beige c\u00e1lido se ve sucio, no elegante.<\/p>\n\n\n\n<h2 class=\"wp-block-heading\">La orientaci\u00f3n de la ventana manda m\u00e1s que el cat\u00e1logo<\/h2>\n\n\n\n<p class=\"wp-block-paragraph\">Esta es la parte que casi nadie considera y es la que m\u00e1s impacto tiene. La luz que entra por tu ventana ya tiene un color, y tu cortina lo va a amplificar.<\/p>\n\n\n\n<p class=\"wp-block-paragraph\"><strong>Ventana norte (la m\u00e1s buscada en Chile para el living):<\/strong> recibe sol directo buena parte del d\u00eda, luz c\u00e1lida y abundante. Ac\u00e1 los neutros fr\u00edos equilibran: un gris perla o un blanco roto bajan la temperatura sin apagar el brillo. Si pones beige c\u00e1lido en una ventana norte con sol de tarde, el living se te va a poner naranjo.<\/p>\n\n\n\n<p class=\"wp-block-paragraph\"><strong>Ventana sur:<\/strong> luz indirecta, estable, m\u00e1s azulada. Fr\u00eda todo el a\u00f1o. Ac\u00e1 los c\u00e1lidos son casi obligatorios \u2014lino natural, arena, tostado suave. Compensan esa frialdad que hace que las piezas al sur se sientan siempre un poco tristes.<\/p>\n\n\n\n<p class=\"wp-block-paragraph\"><strong>Oriente:<\/strong> sol fuerte en la ma\u00f1ana, sombra en la tarde. Los tonos medios funcionan mejor que los extremos.<\/p>\n\n\n\n<p class=\"wp-block-paragraph\"><strong>Poniente:<\/strong> el sol de las siete de la tarde en verano es implacable. Adem\u00e1s del color, ac\u00e1 la conversaci\u00f3n es t\u00e9cnica: un sunscreen de apertura baja en tono oscuro filtra mejor el deslumbramiento que uno claro, aunque parezca contraintuitivo.<\/p>\n\n\n\n<h2 class=\"wp-block-heading\">Combinar con lo que ya tienes: piso, muebles y marcos<\/h2>\n\n\n\n<p class=\"wp-block-paragraph\">El piso es el segundo actor grande del ambiente y suele ser lo que menos se puede cambiar. Conviene leerlo antes de decidir.<\/p>\n\n\n\n<p class=\"wp-block-paragraph\">Con <strong>piso de madera clara<\/strong> (roble, encina, laminados n\u00f3rdicos) los neutros c\u00e1lidos crean continuidad y el ambiente se siente m\u00e1s grande. Con <strong>madera oscura<\/strong> (nogal, wengu\u00e9) hay dos caminos: contrastar con cortinas claras para iluminar, o acompa\u00f1ar con tonos medios para un look m\u00e1s envolvente y se\u00f1orial.<\/p>\n\n\n\n<p class=\"wp-block-paragraph\">Con <strong>porcelanato gris<\/strong> \u2014el pavimento estrella de los departamentos nuevos en Chile\u2014 los neutros fr\u00edos son la apuesta segura, aunque un lino c\u00e1lido rompe bien esa dureza si el departamento se siente muy fr\u00edo.<\/p>\n\n\n\n<p class=\"wp-block-paragraph\">Un detalle que se pasa por alto: <strong>los marcos de ventana<\/strong>. Si son de aluminio negro, la cortina clara los va a resaltar como una l\u00ednea gr\u00e1fica \u2014puede quedar muy bien o muy invasivo, depende de si eso es lo que buscas. Si son blancos, casi cualquier cosa funciona.<\/p>\n\n\n\n<h2 class=\"wp-block-heading\">Tres combinaciones que resuelven la mayor\u00eda de los casos<\/h2>\n\n\n\n<p class=\"wp-block-paragraph\"><strong>1. Living luminoso y atemporal.<\/strong> Paredes blanco roto + piso madera clara + roller sunscreen en lino natural + acentos en verde o terracota en cojines. Es la f\u00f3rmula que m\u00e1s nos piden reponer. No pasa de moda y perdona los cambios de mueble.<\/p>\n\n\n\n<p class=\"wp-block-paragraph\"><strong>2. Dormitorio envolvente.<\/strong> Paredes en greige + roller duo con sunscreen arena de d\u00eda y blackout en un tono m\u00e1s profundo (tostado o grafito suave) para la noche. El duo permite justamente eso: dos telas, dos funciones, un mismo vano.<\/p>\n\n\n\n<p class=\"wp-block-paragraph\"><strong>3. Espacio contempor\u00e1neo con car\u00e1cter.<\/strong> Paredes claras + persianas de madera en tono nogal + textiles neutros fr\u00edos. La madera aporta toda la calidez necesaria; si adem\u00e1s le sumas cortinas c\u00e1lidas, se satura.<\/p>\n\n\n\n<h2 class=\"wp-block-heading\">Lo que no recomendamos (y por qu\u00e9)<\/h2>\n\n\n\n<p class=\"wp-block-paragraph\"><strong>Estampados grandes en ventanas grandes:<\/strong> envejecen r\u00e1pido y dominan el ambiente. Si quieres textura, mejor buscarla en el tejido de la tela que en un dibujo.<\/p>\n\n\n\n<p class=\"wp-block-paragraph\"><strong>Cortinas del mismo color exacto de la pared:<\/strong> suena elegante, pero en la pr\u00e1ctica se ve como si alguien hubiera olvidado terminar. Un par de tonos de diferencia hace toda la diferencia.<\/p>\n\n\n\n<p class=\"wp-block-paragraph\"><strong>Y el m\u00e1s frecuente:<\/strong> decidir el color mirando una muestra de 10&#215;10 cent\u00edmetros bajo la luz de la tienda. Todo color se intensifica al multiplicarse por el tama\u00f1o de una ventana. Si dudas entre dos tonos, elige el m\u00e1s suave.<\/p>\n\n\n\n<h2 class=\"wp-block-heading\">Antes de decidir, m\u00edralo en tu casa<\/h2>\n\n\n\n<p class=\"wp-block-paragraph\">La recomendaci\u00f3n pr\u00e1ctica: pide muestras, p\u00e9galas en el vano y d\u00e9jalas ah\u00ed un d\u00eda completo. M\u00edralas en la ma\u00f1ana, al mediod\u00eda y a las siete de la tarde. El color que te enamor\u00f3 a las 11 de la ma\u00f1ana puede ser otro completamente distinto cuando llega el sol de poniente.<\/p>\n\n\n\n<p class=\"wp-block-paragraph\">En Lumos fabricamos a medida y trabajamos con muestrarios f\u00edsicos precisamente por eso. Nadie deber\u00eda elegir la superficie textil m\u00e1s grande de su casa desde una pantalla.<\/p>\n\n\n\n<p class=\"wp-block-paragraph\"><strong>\u00bfQuieres ayuda para definir el color de tus cortinas?<\/strong> Escr\u00edbenos y coordinamos una visita para tomar medidas y llevarte muestras a tu casa. Te decimos con franqueza qu\u00e9 funciona en tu espacio y qu\u00e9 no.<\/p>\n\n\n\n<p class=\"wp-block-paragraph\"><a href=\"https:\/\/cortinaslumos.cl\/contacto\/\"><strong>Cotiza tus cortinas a medida ac\u00e1 \u2192<\/strong><\/a><\/p>\n\n","protected":false},"excerpt":{"rendered":"<p>C\u00f3mo elegir el color de las cortinas seg\u00fan paredes, muebles y estilo. Combinaciones que funcionan, las que no, y por qu\u00e9.<\/p>\n","protected":false},"author":1,"featured_media":4157,"comment_status":"open","ping_status":"open","sticky":false,"template":"","format":"standard","meta":{"footnotes":""},"categories":[69],"tags":[100,101,77,103,104,102],"class_list":["post-4158","post","type-post","status-publish","format-standard","has-post-thumbnail","hentry","category-estilo","tag-colores-cortinas","tag-combinaciones","tag-decoracion","tag-estilo","tag-guia-visual","tag-paleta-hogar"],"yoast_head":"<!-- This site is optimized with the Yoast SEO plugin v28.2 - https:\/\/yoast.com\/product\/yoast-seo-wordpress\/ -->\n<title>El Color de tus Cortinas Define el Espacio \u2014 Gu\u00eda de Combinaciones - Viste tu Casa<\/title>\n<meta name=\"description\" content=\"C\u00f3mo elegir el color de las cortinas seg\u00fan paredes, muebles y estilo. Combinaciones que funcionan, las que no, y por qu\u00e9.\" \/>\n<meta name=\"robots\" content=\"index, follow, max-snippet:-1, max-image-preview:large, max-video-preview:-1\" \/>\n<link rel=\"canonical\" href=\"https:\/\/www.cortinaslumos.cl\/vistetucasa\/color-cortinas-define-espacio-guia-combinaciones\/\" \/>\n<meta property=\"og:locale\" content=\"es_ES\" \/>\n<meta property=\"og:type\" content=\"article\" \/>\n<meta property=\"og:title\" content=\"El Color de tus Cortinas Define el Espacio \u2014 Gu\u00eda de Combinaciones - Viste tu Casa\" \/>\n<meta property=\"og:description\" content=\"C\u00f3mo elegir el color de las cortinas seg\u00fan paredes, muebles y estilo. Combinaciones que funcionan, las que no, y por qu\u00e9.\" \/>\n<meta property=\"og:url\" content=\"https:\/\/www.cortinaslumos.cl\/vistetucasa\/color-cortinas-define-espacio-guia-combinaciones\/\" \/>\n<meta property=\"og:site_name\" content=\"Viste tu Casa\" \/>\n<meta property=\"article:published_time\" content=\"2026-09-01T18:04:30+00:00\" \/>\n<meta property=\"og:image\" content=\"https:\/\/www.cortinaslumos.cl\/vistetucasa\/wp-content\/uploads\/2026\/09\/color-cortinas-define-espacio-guia-combinaciones.png\" \/>\n\t<meta property=\"og:image:width\" content=\"1200\" \/>\n\t<meta property=\"og:image:height\" content=\"630\" \/>\n\t<meta property=\"og:image:type\" content=\"image\/png\" \/>\n<meta name=\"author\" content=\"userlumos-blog\" \/>\n<meta name=\"twitter:card\" content=\"summary_large_image\" \/>\n<meta name=\"twitter:label1\" content=\"Escrito por\" \/>\n\t<meta name=\"twitter:data1\" content=\"userlumos-blog\" \/>\n\t<meta name=\"twitter:label2\" content=\"Tiempo estimado de lectura\" \/>\n\t<meta name=\"twitter:data2\" content=\"6 minutos\" \/>\n<script type=\"application\/ld+json\" class=\"yoast-schema-graph\">{\"@context\":\"https:\\\/\\\/schema.org\",\"@graph\":[{\"@type\":\"Article\",\"@id\":\"https:\\\/\\\/www.cortinaslumos.cl\\\/vistetucasa\\\/color-cortinas-define-espacio-guia-combinaciones\\\/#article\",\"isPartOf\":{\"@id\":\"https:\\\/\\\/www.cortinaslumos.cl\\\/vistetucasa\\\/color-cortinas-define-espacio-guia-combinaciones\\\/\"},\"author\":{\"name\":\"userlumos-blog\",\"@id\":\"https:\\\/\\\/www.cortinaslumos.cl\\\/vistetucasa\\\/#\\\/schema\\\/person\\\/8fe3941fc1c718601920f2031654745b\"},\"headline\":\"El Color de tus Cortinas Define el Espacio \u2014 Gu\u00eda de Combinaciones\",\"datePublished\":\"2026-09-01T18:04:30+00:00\",\"mainEntityOfPage\":{\"@id\":\"https:\\\/\\\/www.cortinaslumos.cl\\\/vistetucasa\\\/color-cortinas-define-espacio-guia-combinaciones\\\/\"},\"wordCount\":1304,\"commentCount\":0,\"image\":{\"@id\":\"https:\\\/\\\/www.cortinaslumos.cl\\\/vistetucasa\\\/color-cortinas-define-espacio-guia-combinaciones\\\/#primaryimage\"},\"thumbnailUrl\":\"https:\\\/\\\/www.cortinaslumos.cl\\\/vistetucasa\\\/wp-content\\\/uploads\\\/2026\\\/09\\\/color-cortinas-define-espacio-guia-combinaciones.png\",\"keywords\":[\"colores cortinas\",\"combinaciones\",\"decoraci\u00f3n\",\"estilo\",\"gu\u00eda visual\",\"paleta hogar\"],\"articleSection\":[\"Estilo\"],\"inLanguage\":\"es-CL\",\"potentialAction\":[{\"@type\":\"CommentAction\",\"name\":\"Comment\",\"target\":[\"https:\\\/\\\/www.cortinaslumos.cl\\\/vistetucasa\\\/color-cortinas-define-espacio-guia-combinaciones\\\/#respond\"]}]},{\"@type\":\"WebPage\",\"@id\":\"https:\\\/\\\/www.cortinaslumos.cl\\\/vistetucasa\\\/color-cortinas-define-espacio-guia-combinaciones\\\/\",\"url\":\"https:\\\/\\\/www.cortinaslumos.cl\\\/vistetucasa\\\/color-cortinas-define-espacio-guia-combinaciones\\\/\",\"name\":\"El Color de tus Cortinas Define el Espacio \u2014 Gu\u00eda de Combinaciones - Viste tu Casa\",\"isPartOf\":{\"@id\":\"https:\\\/\\\/www.cortinaslumos.cl\\\/vistetucasa\\\/#website\"},\"primaryImageOfPage\":{\"@id\":\"https:\\\/\\\/www.cortinaslumos.cl\\\/vistetucasa\\\/color-cortinas-define-espacio-guia-combinaciones\\\/#primaryimage\"},\"image\":{\"@id\":\"https:\\\/\\\/www.cortinaslumos.cl\\\/vistetucasa\\\/color-cortinas-define-espacio-guia-combinaciones\\\/#primaryimage\"},\"thumbnailUrl\":\"https:\\\/\\\/www.cortinaslumos.cl\\\/vistetucasa\\\/wp-content\\\/uploads\\\/2026\\\/09\\\/color-cortinas-define-espacio-guia-combinaciones.png\",\"datePublished\":\"2026-09-01T18:04:30+00:00\",\"author\":{\"@id\":\"https:\\\/\\\/www.cortinaslumos.cl\\\/vistetucasa\\\/#\\\/schema\\\/person\\\/8fe3941fc1c718601920f2031654745b\"},\"description\":\"C\u00f3mo elegir el color de las cortinas seg\u00fan paredes, muebles y estilo. Combinaciones que funcionan, las que no, y por qu\u00e9.\",\"breadcrumb\":{\"@id\":\"https:\\\/\\\/www.cortinaslumos.cl\\\/vistetucasa\\\/color-cortinas-define-espacio-guia-combinaciones\\\/#breadcrumb\"},\"inLanguage\":\"es-CL\",\"potentialAction\":[{\"@type\":\"ReadAction\",\"target\":[\"https:\\\/\\\/www.cortinaslumos.cl\\\/vistetucasa\\\/color-cortinas-define-espacio-guia-combinaciones\\\/\"]}]},{\"@type\":\"ImageObject\",\"inLanguage\":\"es-CL\",\"@id\":\"https:\\\/\\\/www.cortinaslumos.cl\\\/vistetucasa\\\/color-cortinas-define-espacio-guia-combinaciones\\\/#primaryimage\",\"url\":\"https:\\\/\\\/www.cortinaslumos.cl\\\/vistetucasa\\\/wp-content\\\/uploads\\\/2026\\\/09\\\/color-cortinas-define-espacio-guia-combinaciones.png\",\"contentUrl\":\"https:\\\/\\\/www.cortinaslumos.cl\\\/vistetucasa\\\/wp-content\\\/uploads\\\/2026\\\/09\\\/color-cortinas-define-espacio-guia-combinaciones.png\",\"width\":1200,\"height\":630,\"caption\":\"El Color de tus Cortinas Define el Espacio \u2014 Gu\u00eda de Combinaciones\"},{\"@type\":\"BreadcrumbList\",\"@id\":\"https:\\\/\\\/www.cortinaslumos.cl\\\/vistetucasa\\\/color-cortinas-define-espacio-guia-combinaciones\\\/#breadcrumb\",\"itemListElement\":[{\"@type\":\"ListItem\",\"position\":1,\"name\":\"Portada\",\"item\":\"https:\\\/\\\/www.cortinaslumos.cl\\\/vistetucasa\\\/\"},{\"@type\":\"ListItem\",\"position\":2,\"name\":\"El Color de tus Cortinas Define el Espacio \u2014 Gu\u00eda de Combinaciones\"}]},{\"@type\":\"WebSite\",\"@id\":\"https:\\\/\\\/www.cortinaslumos.cl\\\/vistetucasa\\\/#website\",\"url\":\"https:\\\/\\\/www.cortinaslumos.cl\\\/vistetucasa\\\/\",\"name\":\"Viste tu Casa\",\"description\":\"By Lumos\",\"potentialAction\":[{\"@type\":\"SearchAction\",\"target\":{\"@type\":\"EntryPoint\",\"urlTemplate\":\"https:\\\/\\\/www.cortinaslumos.cl\\\/vistetucasa\\\/?s={search_term_string}\"},\"query-input\":{\"@type\":\"PropertyValueSpecification\",\"valueRequired\":true,\"valueName\":\"search_term_string\"}}],\"inLanguage\":\"es-CL\"},{\"@type\":\"Person\",\"@id\":\"https:\\\/\\\/www.cortinaslumos.cl\\\/vistetucasa\\\/#\\\/schema\\\/person\\\/8fe3941fc1c718601920f2031654745b\",\"name\":\"userlumos-blog\",\"image\":{\"@type\":\"ImageObject\",\"inLanguage\":\"es-CL\",\"@id\":\"https:\\\/\\\/secure.gravatar.com\\\/avatar\\\/6b14ec551e79b65361bf983ae0d30e7207b73a0986da3a84036b390083492734?s=96&d=mm&r=g\",\"url\":\"https:\\\/\\\/secure.gravatar.com\\\/avatar\\\/6b14ec551e79b65361bf983ae0d30e7207b73a0986da3a84036b390083492734?s=96&d=mm&r=g\",\"contentUrl\":\"https:\\\/\\\/secure.gravatar.com\\\/avatar\\\/6b14ec551e79b65361bf983ae0d30e7207b73a0986da3a84036b390083492734?s=96&d=mm&r=g\",\"caption\":\"userlumos-blog\"},\"url\":\"https:\\\/\\\/www.cortinaslumos.cl\\\/vistetucasa\\\/author\\\/userlumos-blog\\\/\"}]}<\/script>\n<!-- \/ Yoast SEO plugin. -->","yoast_head_json":{"title":"El Color de tus Cortinas Define el Espacio \u2014 Gu\u00eda de Combinaciones - Viste tu Casa","description":"C\u00f3mo elegir el color de las cortinas seg\u00fan paredes, muebles y estilo. Combinaciones que funcionan, las que no, y por qu\u00e9.","robots":{"index":"index","follow":"follow","max-snippet":"max-snippet:-1","max-image-preview":"max-image-preview:large","max-video-preview":"max-video-preview:-1"},"canonical":"https:\/\/www.cortinaslumos.cl\/vistetucasa\/color-cortinas-define-espacio-guia-combinaciones\/","og_locale":"es_ES","og_type":"article","og_title":"El Color de tus Cortinas Define el Espacio \u2014 Gu\u00eda de Combinaciones - Viste tu Casa","og_description":"C\u00f3mo elegir el color de las cortinas seg\u00fan paredes, muebles y estilo. Combinaciones que funcionan, las que no, y por qu\u00e9.","og_url":"https:\/\/www.cortinaslumos.cl\/vistetucasa\/color-cortinas-define-espacio-guia-combinaciones\/","og_site_name":"Viste tu Casa","article_published_time":"2026-09-01T18:04:30+00:00","og_image":[{"width":1200,"height":630,"url":"https:\/\/www.cortinaslumos.cl\/vistetucasa\/wp-content\/uploads\/2026\/09\/color-cortinas-define-espacio-guia-combinaciones.png","type":"image\/png"}],"author":"userlumos-blog","twitter_card":"summary_large_image","twitter_misc":{"Escrito por":"userlumos-blog","Tiempo estimado de lectura":"6 minutos"},"schema":{"@context":"https:\/\/schema.org","@graph":[{"@type":"Article","@id":"https:\/\/www.cortinaslumos.cl\/vistetucasa\/color-cortinas-define-espacio-guia-combinaciones\/#article","isPartOf":{"@id":"https:\/\/www.cortinaslumos.cl\/vistetucasa\/color-cortinas-define-espacio-guia-combinaciones\/"},"author":{"name":"userlumos-blog","@id":"https:\/\/www.cortinaslumos.cl\/vistetucasa\/#\/schema\/person\/8fe3941fc1c718601920f2031654745b"},"headline":"El Color de tus Cortinas Define el Espacio \u2014 Gu\u00eda de Combinaciones","datePublished":"2026-09-01T18:04:30+00:00","mainEntityOfPage":{"@id":"https:\/\/www.cortinaslumos.cl\/vistetucasa\/color-cortinas-define-espacio-guia-combinaciones\/"},"wordCount":1304,"commentCount":0,"image":{"@id":"https:\/\/www.cortinaslumos.cl\/vistetucasa\/color-cortinas-define-espacio-guia-combinaciones\/#primaryimage"},"thumbnailUrl":"https:\/\/www.cortinaslumos.cl\/vistetucasa\/wp-content\/uploads\/2026\/09\/color-cortinas-define-espacio-guia-combinaciones.png","keywords":["colores cortinas","combinaciones","decoraci\u00f3n","estilo","gu\u00eda visual","paleta hogar"],"articleSection":["Estilo"],"inLanguage":"es-CL","potentialAction":[{"@type":"CommentAction","name":"Comment","target":["https:\/\/www.cortinaslumos.cl\/vistetucasa\/color-cortinas-define-espacio-guia-combinaciones\/#respond"]}]},{"@type":"WebPage","@id":"https:\/\/www.cortinaslumos.cl\/vistetucasa\/color-cortinas-define-espacio-guia-combinaciones\/","url":"https:\/\/www.cortinaslumos.cl\/vistetucasa\/color-cortinas-define-espacio-guia-combinaciones\/","name":"El Color de tus Cortinas Define el Espacio \u2014 Gu\u00eda de Combinaciones - Viste tu Casa","isPartOf":{"@id":"https:\/\/www.cortinaslumos.cl\/vistetucasa\/#website"},"primaryImageOfPage":{"@id":"https:\/\/www.cortinaslumos.cl\/vistetucasa\/color-cortinas-define-espacio-guia-combinaciones\/#primaryimage"},"image":{"@id":"https:\/\/www.cortinaslumos.cl\/vistetucasa\/color-cortinas-define-espacio-guia-combinaciones\/#primaryimage"},"thumbnailUrl":"https:\/\/www.cortinaslumos.cl\/vistetucasa\/wp-content\/uploads\/2026\/09\/color-cortinas-define-espacio-guia-combinaciones.png","datePublished":"2026-09-01T18:04:30+00:00","author":{"@id":"https:\/\/www.cortinaslumos.cl\/vistetucasa\/#\/schema\/person\/8fe3941fc1c718601920f2031654745b"},"description":"C\u00f3mo elegir el color de las cortinas seg\u00fan paredes, muebles y estilo. Combinaciones que funcionan, las que no, y por qu\u00e9.","breadcrumb":{"@id":"https:\/\/www.cortinaslumos.cl\/vistetucasa\/color-cortinas-define-espacio-guia-combinaciones\/#breadcrumb"},"inLanguage":"es-CL","potentialAction":[{"@type":"ReadAction","target":["https:\/\/www.cortinaslumos.cl\/vistetucasa\/color-cortinas-define-espacio-guia-combinaciones\/"]}]},{"@type":"ImageObject","inLanguage":"es-CL","@id":"https:\/\/www.cortinaslumos.cl\/vistetucasa\/color-cortinas-define-espacio-guia-combinaciones\/#primaryimage","url":"https:\/\/www.cortinaslumos.cl\/vistetucasa\/wp-content\/uploads\/2026\/09\/color-cortinas-define-espacio-guia-combinaciones.png","contentUrl":"https:\/\/www.cortinaslumos.cl\/vistetucasa\/wp-content\/uploads\/2026\/09\/color-cortinas-define-espacio-guia-combinaciones.png","width":1200,"height":630,"caption":"El Color de tus Cortinas Define el Espacio \u2014 Gu\u00eda de Combinaciones"},{"@type":"BreadcrumbList","@id":"https:\/\/www.cortinaslumos.cl\/vistetucasa\/color-cortinas-define-espacio-guia-combinaciones\/#breadcrumb","itemListElement":[{"@type":"ListItem","position":1,"name":"Portada","item":"https:\/\/www.cortinaslumos.cl\/vistetucasa\/"},{"@type":"ListItem","position":2,"name":"El Color de tus Cortinas Define el Espacio \u2014 Gu\u00eda de Combinaciones"}]},{"@type":"WebSite","@id":"https:\/\/www.cortinaslumos.cl\/vistetucasa\/#website","url":"https:\/\/www.cortinaslumos.cl\/vistetucasa\/","name":"Viste tu Casa","description":"By Lumos","potentialAction":[{"@type":"SearchAction","target":{"@type":"EntryPoint","urlTemplate":"https:\/\/www.cortinaslumos.cl\/vistetucasa\/?s={search_term_string}"},"query-input":{"@type":"PropertyValueSpecification","valueRequired":true,"valueName":"search_term_string"}}],"inLanguage":"es-CL"},{"@type":"Person","@id":"https:\/\/www.cortinaslumos.cl\/vistetucasa\/#\/schema\/person\/8fe3941fc1c718601920f2031654745b","name":"userlumos-blog","image":{"@type":"ImageObject","inLanguage":"es-CL","@id":"https:\/\/secure.gravatar.com\/avatar\/6b14ec551e79b65361bf983ae0d30e7207b73a0986da3a84036b390083492734?s=96&d=mm&r=g","url":"https:\/\/secure.gravatar.com\/avatar\/6b14ec551e79b65361bf983ae0d30e7207b73a0986da3a84036b390083492734?s=96&d=mm&r=g","contentUrl":"https:\/\/secure.gravatar.com\/avatar\/6b14ec551e79b65361bf983ae0d30e7207b73a0986da3a84036b390083492734?s=96&d=mm&r=g","caption":"userlumos-blog"},"url":"https:\/\/www.cortinaslumos.cl\/vistetucasa\/author\/userlumos-blog\/"}]}},"_links":{"self":[{"href":"https:\/\/www.cortinaslumos.cl\/vistetucasa\/wp-json\/wp\/v2\/posts\/4158","targetHints":{"allow":["GET"]}}],"collection":[{"href":"https:\/\/www.cortinaslumos.cl\/vistetucasa\/wp-json\/wp\/v2\/posts"}],"about":[{"href":"https:\/\/www.cortinaslumos.cl\/vistetucasa\/wp-json\/wp\/v2\/types\/post"}],"author":[{"embeddable":true,"href":"https:\/\/www.cortinaslumos.cl\/vistetucasa\/wp-json\/wp\/v2\/users\/1"}],"replies":[{"embeddable":true,"href":"https:\/\/www.cortinaslumos.cl\/vistetucasa\/wp-json\/wp\/v2\/comments?post=4158"}],"version-history":[{"count":0,"href":"https:\/\/www.cortinaslumos.cl\/vistetucasa\/wp-json\/wp\/v2\/posts\/4158\/revisions"}],"wp:featuredmedia":[{"embeddable":true,"href":"https:\/\/www.cortinaslumos.cl\/vistetucasa\/wp-json\/wp\/v2\/media\/4157"}],"wp:attachment":[{"href":"https:\/\/www.cortinaslumos.cl\/vistetucasa\/wp-json\/wp\/v2\/media?parent=4158"}],"wp:term":[{"taxonomy":"category","embeddable":true,"href":"https:\/\/www.cortinaslumos.cl\/vistetucasa\/wp-json\/wp\/v2\/categories?post=4158"},{"taxonomy":"post_tag","embeddable":true,"href":"https:\/\/www.cortinaslumos.cl\/vistetucasa\/wp-json\/wp\/v2\/tags?post=4158"}],"curies":[{"name":"wp","href":"https:\/\/api.w.org\/{rel}","templated":true}]}}